{"id":6445,"date":"2021-09-23T15:20:00","date_gmt":"2021-09-23T13:20:00","guid":{"rendered":"https:\/\/www.trovino.it\/blog\/?p=6445"},"modified":"2021-09-27T14:53:41","modified_gmt":"2021-09-27T12:53:41","slug":"vino-novello","status":"publish","type":"post","link":"https:\/\/www.trovino.it\/blog\/mondovino\/vino-novello\/","title":{"rendered":"A San Martino ogni mosto diventa vino: benvenuto Vino Novello!"},"content":{"rendered":"<p>Non \u00e8 un semplice detto popolare, la questione \u00e8 reale. I produttori di vino conoscono bene ogni incombenza e tra queste la prima che il calendario detta, proprio nei mesi autunnali, \u00e8 la <strong>vendemmia del primo vino<\/strong> conosciuto da tutti come <strong><em>Vino Novello<\/em><\/strong>. Ma cos&#8217;\u00e8 il Vino Novello? Come viene fatto? Facciamo un passo indietro e cerchiamo di scoprire tutti i segreti di questo vino cos\u00ec apprezzato in questa stagione.<\/p>\n<h2>Tra causalit\u00e0 e dettami<\/h2>\n<p>C\u2019era una volta un Vigneron, che non avendo a disposizione <strong>sistemi di refrigerazione<\/strong>, si avvalse delle conoscenze di alcuni scienziati, che provarono a risolvere il problema insufflando anidride carbonica nel contenitore ove erano stati riposti i grappoli.<\/p>\n<p>Qualche ora dopo, gli scienziati scoprirono che gli acini erano andati incontro a <strong>rottura<\/strong> e che incombeva lo <strong>stato fermentativo<\/strong>. Stupiti della scoperta, una sola questione accese le loro menti: \u201cVinifichiamo!\u201d, disse il vigneron. Nacque cos\u00ec un <strong>vino fresco, beverino con bassa acidit\u00e0 e fruttato<\/strong>, edibile e vendibile nel giro di un mese.<\/p>\n<p>Nel 1934 il grande libro della scienza enologica si accredit\u00f2 un altro capitolo con una grande nuova scoperta, la <strong><em>macerazione carbonica<\/em><\/strong>; con tanto di complimenti all\u2019inconsapevole scienziato francese <strong>Michel Flanzy<\/strong>.<\/p>\n<p>Per la regione del <strong>Beaujoulais<\/strong> (regione francese lungo le sponde del Rodano), questa scoperta venne accolta come possibile riscatto nei confronti dei noti vini di Borgogna. Sembrava tutto straordinario, quando nel 1951 il <strong><em>Journal Officiel<\/em><\/strong> dichiar\u00f2 il divieto alla <strong>vendita dei vini d\u2019Appellation Contr\u00f4l\u00e9e prima del 15 dicembre<\/strong> dello stesso anno di raccolta. Ma con varie proteste e rivolte, i produttori di Beaujoulais poterono finalmente festeggiare. Una nuova nota diede loro la possibilit\u00e0 di continuare a vinificare precisando sull\u2019etichetta la dicitura <em><strong>Nouveau<\/strong><\/em>.<\/p>\n<p>Dopo diverse rivisitazioni di nota, nel <strong>1985<\/strong>, fu deciso che il <strong>Beaujoulais Nouveau <\/strong>fosse messo in commercio il <strong>terzo gioved\u00ec di novembre<\/strong>.<\/p>\n<div id=\"attachment_6453\" style=\"width: 810px\" class=\"wp-caption alignnone\"><img aria-describedby=\"caption-attachment-6453\" loading=\"lazy\" class=\"wp-image-6453 size-full\" title=\"Paesaggio di vigneti e campagna nel Beaujolais\" src=\"https:\/\/www.trovino.it\/blog\/wp-content\/uploads\/2021\/09\/Paesaggio-di-vigneti-e-campagna-nel-Beaujolais.jpg\" alt=\"Paesaggio di vigneti e campagna nel Beaujolais\" width=\"800\" height=\"533\" srcset=\"https:\/\/www.trovino.it\/blog\/wp-content\/uploads\/2021\/09\/Paesaggio-di-vigneti-e-campagna-nel-Beaujolais.jpg 800w, https:\/\/www.trovino.it\/blog\/wp-content\/uploads\/2021\/09\/Paesaggio-di-vigneti-e-campagna-nel-Beaujolais-300x200.jpg 300w, https:\/\/www.trovino.it\/blog\/wp-content\/uploads\/2021\/09\/Paesaggio-di-vigneti-e-campagna-nel-Beaujolais-768x512.jpg 768w, https:\/\/www.trovino.it\/blog\/wp-content\/uploads\/2021\/09\/Paesaggio-di-vigneti-e-campagna-nel-Beaujolais-273x182.jpg 273w, https:\/\/www.trovino.it\/blog\/wp-content\/uploads\/2021\/09\/Paesaggio-di-vigneti-e-campagna-nel-Beaujolais-566x377.jpg 566w, https:\/\/www.trovino.it\/blog\/wp-content\/uploads\/2021\/09\/Paesaggio-di-vigneti-e-campagna-nel-Beaujolais-780x520.jpg 780w\" sizes=\"(max-width: 800px) 100vw, 800px\" \/><p id=\"caption-attachment-6453\" class=\"wp-caption-text\">Paesaggio di vigneti e campagna nel Beaujolais<\/p><\/div>\n<p>Intorno agli anni \u201970 la nuova arte di fare vino approd\u00f2 anche in Italia, con la nascita del <strong>Vino Novello<\/strong>, ma con delle <strong>differenze di produzione<\/strong> rispetto al cugino d\u2019oltralpe che vedremo pi\u00f9 avanti.<\/p>\n<p>Il 26 settembre 2000 nacque <strong>l\u2019Istituto Vino Novello Italiano<\/strong> come ente di promozione e tutela.<\/p>\n<h2>La Macerazione Carbonica<\/h2>\n<p>Il processo della macerazione carbonica prevede due fasi.<\/p>\n<p>Nella prima fase, i grappoli interi non diraspati vengono riversati in contenitori di acciaio inox dove <strong>viene insufflata anidride carbonica<\/strong> e <strong>chiusi ermeticamente<\/strong>. I lieviti non vengono adoperati.<\/p>\n<p>Accadr\u00e0 quella che viene definita <strong><em>fermentazione intracellulare<\/em><\/strong>.<\/p>\n<p>Il processo biochimico di <strong>trasformazione dello zucchero in alcol<\/strong> sar\u00e0 <strong>anaerobico<\/strong> e non aerobico come nel classico ciclo fermentativo.<\/p>\n<p>Un\u2019altra caratteristica importante della macerazione carbonica \u00e8 la <strong>concentrazione di alcuni acidi<\/strong> che influenzeranno poi il gusto che contraddistingue questo vino.<\/p>\n<p>Durante il processo vedremo cos\u00ec <strong>ridursi la concentrazione di acido malico<\/strong> che diminuir\u00e0 la percezione tannica e quella dell\u2019<strong>acido tartarico<\/strong> che andr\u00e0 a mitigare l&#8217;acidit\u00e0 globale.<\/p>\n<div id=\"attachment_6452\" style=\"width: 810px\" class=\"wp-caption alignnone\"><img aria-describedby=\"caption-attachment-6452\" loading=\"lazy\" class=\"wp-image-6452 size-full\" title=\"Fase di filtrazione durante la Macerazione Carbonica\" src=\"https:\/\/www.trovino.it\/blog\/wp-content\/uploads\/2021\/09\/Vinificazione-per-macerazione-carbonica.jpg\" alt=\"Fase di filtrazione durante la Macerazione Carbonica\" width=\"800\" height=\"533\" srcset=\"https:\/\/www.trovino.it\/blog\/wp-content\/uploads\/2021\/09\/Vinificazione-per-macerazione-carbonica.jpg 800w, https:\/\/www.trovino.it\/blog\/wp-content\/uploads\/2021\/09\/Vinificazione-per-macerazione-carbonica-300x200.jpg 300w, https:\/\/www.trovino.it\/blog\/wp-content\/uploads\/2021\/09\/Vinificazione-per-macerazione-carbonica-768x512.jpg 768w, https:\/\/www.trovino.it\/blog\/wp-content\/uploads\/2021\/09\/Vinificazione-per-macerazione-carbonica-273x182.jpg 273w, https:\/\/www.trovino.it\/blog\/wp-content\/uploads\/2021\/09\/Vinificazione-per-macerazione-carbonica-566x377.jpg 566w, https:\/\/www.trovino.it\/blog\/wp-content\/uploads\/2021\/09\/Vinificazione-per-macerazione-carbonica-780x520.jpg 780w\" sizes=\"(max-width: 800px) 100vw, 800px\" \/><p id=\"caption-attachment-6452\" class=\"wp-caption-text\">Fase di filtrazione durante la Macerazione Carbonica<\/p><\/div>\n<p><strong>Lo zucchero presente nell\u2019acino inizier\u00e0 a trasformarsi in alcol,<\/strong> la buccia andr\u00e0 incontro a rottura che favorir\u00e0 il passaggio di colore verso l\u2019interno della polpa.<\/p>\n<p>Il processo si esaurir\u00e0 in un intervallo di tempo <strong>da 5 a 20 giorni<\/strong> ad una temperatura di 25-30\u00b0C, fino a quando la vita cellullare dell\u2019acino andr\u00e0 incontro ad inattivit\u00e0 per asfissia causa presenza di CO\u2082 ed etanolo.<\/p>\n<p>Nella seconda fase, i <strong>grappoli verranno pressati<\/strong> e il mosto-vino terminer\u00e0 la naturale <strong>fermentazione<\/strong> in successivi <strong>2-3 giorni<\/strong>. Il prodotto finito dovr\u00e0 avere una <strong>percentuale volumetrica alcolica minima dell\u201911%<\/strong> e un <strong>residuo zuccherino massimo dell\u20191%<\/strong>.<\/p>\n<h2>Le differenze tra Vino Novello e Beaujoulais Nouveau<\/h2>\n<p>Paese che vai usanza che trovi. Se in Francia il disciplinare \u00e8 pi\u00f9 serrato in Itala \u00e8 pi\u00f9 lasco.<\/p>\n<p>Nella <strong>Beaujoulais<\/strong>, la produzione di <em>nouveau<\/em> prevede l\u2019utilizzo esclusivo di uva <strong>Gamay<\/strong> e la vinificazione deve essere effettuata esclusivamente tramite macerazione carbonica. Come citato in precedenza, la messa in commercio deve avvenire per il <strong>terzo gioved\u00ec di novembre<\/strong> con una durata massima di un <strong>paio di mesi<\/strong>.<\/p>\n<p>In Italia per la produzione di <em>novello<\/em> possono essere impiegati <strong>60 vitigni<\/strong>, anche se i pi\u00f9 utilizzati sono il <strong>Merlot<\/strong>, <strong>Sangiovese<\/strong> e <strong>Cabernet Sauvignon<\/strong>. Per rientrare nella regolamentazione di questa tipologia di vino, la vinificazione prevede che <strong>anche solo il 40% dell\u2019uva subisca macerazione carbonica<\/strong> e la parte restante pu\u00f2, volendo, subire normale processo di pigiatura. Il prodotto finito pu\u00f2 entrare in commercio <strong>da fine ottobre fino alla fine di dicembre<\/strong>.<\/p>\n<div id=\"attachment_6451\" style=\"width: 810px\" class=\"wp-caption alignnone\"><img aria-describedby=\"caption-attachment-6451\" loading=\"lazy\" class=\"size-full wp-image-6451\" src=\"https:\/\/www.trovino.it\/blog\/wp-content\/uploads\/2021\/09\/Gamay-uva-rossa-grappoli-in-vigneti.jpg\" alt=\"Uva Gamay\" width=\"800\" height=\"533\" srcset=\"https:\/\/www.trovino.it\/blog\/wp-content\/uploads\/2021\/09\/Gamay-uva-rossa-grappoli-in-vigneti.jpg 800w, https:\/\/www.trovino.it\/blog\/wp-content\/uploads\/2021\/09\/Gamay-uva-rossa-grappoli-in-vigneti-300x200.jpg 300w, https:\/\/www.trovino.it\/blog\/wp-content\/uploads\/2021\/09\/Gamay-uva-rossa-grappoli-in-vigneti-768x512.jpg 768w, https:\/\/www.trovino.it\/blog\/wp-content\/uploads\/2021\/09\/Gamay-uva-rossa-grappoli-in-vigneti-273x182.jpg 273w, https:\/\/www.trovino.it\/blog\/wp-content\/uploads\/2021\/09\/Gamay-uva-rossa-grappoli-in-vigneti-566x377.jpg 566w, https:\/\/www.trovino.it\/blog\/wp-content\/uploads\/2021\/09\/Gamay-uva-rossa-grappoli-in-vigneti-780x520.jpg 780w\" sizes=\"(max-width: 800px) 100vw, 800px\" \/><p id=\"caption-attachment-6451\" class=\"wp-caption-text\">Uva Gamay<\/p><\/div>\n<h2>Degustazione e abbinamenti del Vino Novello<\/h2>\n<p><strong>\u00a0<\/strong>La forza del Vino Novello \u00e8 nella sua &#8220;semplicit\u00e0&#8221;.<\/p>\n<p>Un <strong>corpo esile<\/strong>, ma con un <strong>bel carattere<\/strong>. La presenza tannica \u00e8 limitata con una freschezza non invadente e dal caratteristico color violaceo. I <strong>profumi sono perlopi\u00f9 fruttati<\/strong>; lampone, fragola, ciliegia e frutti di bosco infiocchettano il bouquet sensoriale.<\/p>\n<p>Ma se nel calice ho vino novello, nel piatto con cosa lo abbino?<\/p>\n<p>Beh, se vi piace vincere facile vien da s\u00e9 che il classico abbinamento \u00e8 dettato dalle famose <strong>caldarroste,<\/strong> ma a noi di Trovino piace la sfida.<\/p>\n<p><strong>Melanzane, peperoni e funghi<\/strong> rappresentano i protagonisti delle opere culinarie, presentati come contorni o per creare primi piatti.<\/p>\n<p>Altro must \u00e8 la carne, che essa sia bianca o rossa. Preparazioni come <strong>stufati<\/strong> o <strong>arrosti<\/strong> possono prevedere anche l\u2019utilizzo del vino Novello tra gli ingredienti.<\/p>\n<p>Un altro must \u00e8 il classico <strong>tagliere di salumi<\/strong>, ma osando un po&#8217; di pi\u00f9 potremmo <a href=\"https:\/\/www.trovino.it\/blog\/abbinamenti\/vino-e-carciofi-un-abbinamento-possibile\/\" target=\"_blank\" rel=\"noopener\">abbinarlo con successo a piatti a base di carciofi<\/a> e anche ad alcuni piatti di pesce conditi con sugo di pomodoro.<\/p>\n<div id=\"attachment_6454\" style=\"width: 810px\" class=\"wp-caption alignnone\"><img aria-describedby=\"caption-attachment-6454\" loading=\"lazy\" class=\"size-full wp-image-6454\" src=\"https:\/\/www.trovino.it\/blog\/wp-content\/uploads\/2021\/09\/Degustazione-Vino-Novello.jpg\" alt=\"Degustazione Vino Novello\" width=\"800\" height=\"618\" srcset=\"https:\/\/www.trovino.it\/blog\/wp-content\/uploads\/2021\/09\/Degustazione-Vino-Novello.jpg 800w, https:\/\/www.trovino.it\/blog\/wp-content\/uploads\/2021\/09\/Degustazione-Vino-Novello-300x232.jpg 300w, https:\/\/www.trovino.it\/blog\/wp-content\/uploads\/2021\/09\/Degustazione-Vino-Novello-768x593.jpg 768w, https:\/\/www.trovino.it\/blog\/wp-content\/uploads\/2021\/09\/Degustazione-Vino-Novello-273x211.jpg 273w, https:\/\/www.trovino.it\/blog\/wp-content\/uploads\/2021\/09\/Degustazione-Vino-Novello-566x437.jpg 566w, https:\/\/www.trovino.it\/blog\/wp-content\/uploads\/2021\/09\/Degustazione-Vino-Novello-780x603.jpg 780w\" sizes=\"(max-width: 800px) 100vw, 800px\" \/><p id=\"caption-attachment-6454\" class=\"wp-caption-text\">Degustazione Vino Novello<\/p><\/div>\n<h2>Dove trovare il Vino Novello<\/h2>\n<p>Non tutte le cantine lo producono, ma \u00e8 comunque semplice trovarlo.<\/p>\n<p>Se fosse scomodo per voi raggiungere l\u2019azienda, potete far affidamento sulle enoteche o tra gli scaffali dei comuni supermercati.<\/p>\n<p>Attenzione agli eventi, il vino Novello \u00e8 l\u2019attore indiscusso di molte sagre che nel mese di novembre inebriano i vicoli di molte localit\u00e0 lungo tutto lo stivale, come ad esempio la <strong>Festa del Vino Novello a Bardolino<\/strong> prevista per i giorni 6-7 novembre, oppure <strong>La festa del Vino Novello sul Carso<\/strong> prevista per i giorni 12 e 13 Novembre (contattare sempre l&#8217;organizzazione per essere sicuri che l&#8217;evento si svolga effettivamente).<\/p>\n<p>Prosit<\/p>\n<p>Stefania Rocca<\/p>\n","protected":false},"excerpt":{"rendered":"<p>Non \u00e8 un semplice detto popolare, la questione \u00e8 reale. I produttori di vino conoscono bene ogni incombenza e tra queste la prima che il calendario detta, proprio nei mesi autunnali, \u00e8 la vendemmia del primo vino conosciuto da tutti come Vino Novello. Ma cos&#8217;\u00e8 il Vino Novello? Come viene fatto? Facciamo un passo indietro [&hellip;]<\/p>\n","protected":false},"author":163,"featured_media":6450,"comment_status":"open","ping_status":"closed","sticky":false,"template":"","format":"standard","meta":[],"categories":[36],"tags":[],"_links":{"self":[{"href":"https:\/\/www.trovino.it\/blog\/wp-json\/wp\/v2\/posts\/6445"}],"collection":[{"href":"https:\/\/www.trovino.it\/blog\/wp-json\/wp\/v2\/posts"}],"about":[{"href":"https:\/\/www.trovino.it\/blog\/wp-json\/wp\/v2\/types\/post"}],"author":[{"embeddable":true,"href":"https:\/\/www.trovino.it\/blog\/wp-json\/wp\/v2\/users\/163"}],"replies":[{"embeddable":true,"href":"https:\/\/www.trovino.it\/blog\/wp-json\/wp\/v2\/comments?post=6445"}],"version-history":[{"count":18,"href":"https:\/\/www.trovino.it\/blog\/wp-json\/wp\/v2\/posts\/6445\/revisions"}],"predecessor-version":[{"id":6474,"href":"https:\/\/www.trovino.it\/blog\/wp-json\/wp\/v2\/posts\/6445\/revisions\/6474"}],"wp:featuredmedia":[{"embeddable":true,"href":"https:\/\/www.trovino.it\/blog\/wp-json\/wp\/v2\/media\/6450"}],"wp:attachment":[{"href":"https:\/\/www.trovino.it\/blog\/wp-json\/wp\/v2\/media?parent=6445"}],"wp:term":[{"taxonomy":"category","embeddable":true,"href":"https:\/\/www.trovino.it\/blog\/wp-json\/wp\/v2\/categories?post=6445"},{"taxonomy":"post_tag","embeddable":true,"href":"https:\/\/www.trovino.it\/blog\/wp-json\/wp\/v2\/tags?post=6445"}],"curies":[{"name":"wp","href":"https:\/\/api.w.org\/{rel}","templated":true}]}}