{"id":6273,"date":"2021-07-09T12:00:00","date_gmt":"2021-07-09T10:00:00","guid":{"rendered":"https:\/\/www.trovino.it\/blog\/?p=6273"},"modified":"2021-07-09T12:42:20","modified_gmt":"2021-07-09T10:42:20","slug":"davide-carlone","status":"publish","type":"post","link":"https:\/\/www.trovino.it\/blog\/cantine\/davide-carlone\/","title":{"rendered":"Davide Carlone ci racconta l&#8217;Alto Piemonte e i suoi Vini"},"content":{"rendered":"<p>Dopo alcuni giorni di contatti telefonici per organizzare al meglio il nostro incontro, in un assolato tardo pomeriggio di fine giugno riesco ad incontrare <strong>Davide Carlone<\/strong>, viticoltore piemontese con base a <strong>Torchio<\/strong>, frazione di <strong>Grignasco<\/strong> (Novara).<\/p>\n<p>Per chi non lo sapesse, ci troviamo nella zona del <strong>parco naturale del Monte Fenera<\/strong>, area dell\u2019<strong>Alto Piemonte<\/strong>, una terra molto vocata per la coltivazione del vitigno <strong>Nebbiolo<\/strong>.<\/p>\n<p>\u00c8 qui, lungo la <strong>Traversagna<\/strong> (strada che collega Grignasco a Boca), che si sviluppano le sue <strong>vigne<\/strong>, ubicate a un\u2019altitudine <strong>tra i 400-460 metri, <\/strong>nate su suoli di origine vulcanica, generati dal <strong>Supervulcano della Valsesia<\/strong>\u00a0e ricchi di porfido giallo, come lui tende a specificare.<\/p>\n<p>E quindi quale miglior posto per darsi appuntamento, se non sulla sommit\u00e0 dei suoi tanto cari vigneti, da cui, vista la splendida giornata \u00e8 possibile intravedere in lontananza Novara e addirittura l\u2019appennino dell\u2019Oltrep\u00f2 Pavese.<\/p>\n<div id=\"attachment_6283\" style=\"width: 810px\" class=\"wp-caption alignnone\"><img aria-describedby=\"caption-attachment-6283\" loading=\"lazy\" class=\"wp-image-6283 size-full\" title=\"Panorama boschi e vigneti, in lontananza scorci di Gattinara e Colline Novaresi \" src=\"https:\/\/www.trovino.it\/blog\/wp-content\/uploads\/2021\/07\/Panorama-Vigneti-nel-parco-naturale-del-Monte-Fenera.jpeg\" alt=\"Panorama boschi e vigneti, in lontananza scorci di Gattinara e Colline Novaresi \" width=\"800\" height=\"533\" srcset=\"https:\/\/www.trovino.it\/blog\/wp-content\/uploads\/2021\/07\/Panorama-Vigneti-nel-parco-naturale-del-Monte-Fenera.jpeg 800w, https:\/\/www.trovino.it\/blog\/wp-content\/uploads\/2021\/07\/Panorama-Vigneti-nel-parco-naturale-del-Monte-Fenera-300x200.jpeg 300w, https:\/\/www.trovino.it\/blog\/wp-content\/uploads\/2021\/07\/Panorama-Vigneti-nel-parco-naturale-del-Monte-Fenera-768x512.jpeg 768w, https:\/\/www.trovino.it\/blog\/wp-content\/uploads\/2021\/07\/Panorama-Vigneti-nel-parco-naturale-del-Monte-Fenera-273x182.jpeg 273w, https:\/\/www.trovino.it\/blog\/wp-content\/uploads\/2021\/07\/Panorama-Vigneti-nel-parco-naturale-del-Monte-Fenera-566x377.jpeg 566w, https:\/\/www.trovino.it\/blog\/wp-content\/uploads\/2021\/07\/Panorama-Vigneti-nel-parco-naturale-del-Monte-Fenera-780x520.jpeg 780w\" sizes=\"(max-width: 800px) 100vw, 800px\" \/><p id=\"caption-attachment-6283\" class=\"wp-caption-text\">Panorama boschi e vigneti. In lontananza scorci di Gattinara e Colline Novaresi<\/p><\/div>\n<h2>L&#8217;azienda agricola Davide Carlone e il territorio<\/h2>\n<p>Un\u2019area questa, da sempre votata alla viticoltura, tale da essere considerata nei primi anni del &#8216;900 un vero polo della coltivazione della vigna, superiore alle Langhe.<\/p>\n<p>Luoghi segnati da <strong>tradizioni vinicole tramandate da generazione a generazione<\/strong>, a cui anche lo stesso Davide non ha rinunciato, nonostante il graduale spopolamento dei vigneti a favore dell\u2019industrializzazione. Intoppi che senza una grande passione di fondo sarebbero stati insormontabili.<\/p>\n<blockquote><p>\u00abIo ho cominciato a far vino trentadue anni fa, anche se a 4 anni ero gi\u00e0 in vigna con mio nonno e mia nonna. Considerando gli investimenti economici e in termini di tempo che ho messo nel mio lavoro, se non credessi ciecamente in quello che faccio, allora sarei un pazzo.\u00bb<\/p><\/blockquote>\n<p>E come dargli torto\u2026<\/p>\n<div id=\"attachment_6286\" style=\"width: 810px\" class=\"wp-caption alignnone\"><img aria-describedby=\"caption-attachment-6286\" loading=\"lazy\" class=\"wp-image-6286 size-full\" title=\"Grappolo di uva Nebbiolo in fase di maturazione\" src=\"https:\/\/www.trovino.it\/blog\/wp-content\/uploads\/2021\/07\/Uva-sulla-pianta.jpeg\" alt=\"Grappolo di uva Nebbiolo in fase di maturazione\" width=\"800\" height=\"533\" srcset=\"https:\/\/www.trovino.it\/blog\/wp-content\/uploads\/2021\/07\/Uva-sulla-pianta.jpeg 800w, https:\/\/www.trovino.it\/blog\/wp-content\/uploads\/2021\/07\/Uva-sulla-pianta-300x200.jpeg 300w, https:\/\/www.trovino.it\/blog\/wp-content\/uploads\/2021\/07\/Uva-sulla-pianta-768x512.jpeg 768w, https:\/\/www.trovino.it\/blog\/wp-content\/uploads\/2021\/07\/Uva-sulla-pianta-273x182.jpeg 273w, https:\/\/www.trovino.it\/blog\/wp-content\/uploads\/2021\/07\/Uva-sulla-pianta-566x377.jpeg 566w, https:\/\/www.trovino.it\/blog\/wp-content\/uploads\/2021\/07\/Uva-sulla-pianta-780x520.jpeg 780w\" sizes=\"(max-width: 800px) 100vw, 800px\" \/><p id=\"caption-attachment-6286\" class=\"wp-caption-text\">Grappolo di uva Nebbiolo in fase di maturazione<\/p><\/div>\n<p>Ad oggi, gli <strong>ettari di vigna<\/strong> in suo possesso sono <strong>7,8<\/strong>, che nel giro di qualche anno diventeranno 11 e forse anche di pi\u00f9. Principalmente <strong>Nebbiolo<\/strong>, poi <strong>Croatina<\/strong>, <strong>Vespolina<\/strong>, <strong>Erbaluce<\/strong>, pi\u00f9 qualche appezzamento dei poco conosciuti <strong>Slarina<\/strong> e <strong>Montanera<\/strong>.<\/p>\n<p>Dopo un iniziale piccolo resoconto sulla storia della zona, in un ambiente dominato da vigneti coltivati come consuetudine a spalliera, l\u2019occhio senza troppa disinvoltura mi cade su una vite coltivata con un metodo antico: la <strong>Maggiorina di Boca<\/strong>.<\/p>\n<p>Un sistema d\u2019allevamento raro e d\u2019altri tempi, realizzato piantando <strong>3 o 4 viti vicine<\/strong>, al centro di un quadrato. Una lavorazione difficile, la quale <strong>non consente la meccanizzazione<\/strong> e richiede una costante presenza in vigna, ma d\u2019altro canto \u00e8 un\u2019opera di grande fascino, che costituisce un <strong>unicum per il territorio dell\u2019Alto Piemonte<\/strong>.<\/p>\n<p>Esperimenti che rievocano il passato e le antiche tradizioni: \u00abun pezzo di storia deve pur rimanere\u00bb rincalza Davide.<\/p>\n<div id=\"attachment_6284\" style=\"width: 810px\" class=\"wp-caption alignnone\"><img aria-describedby=\"caption-attachment-6284\" loading=\"lazy\" class=\"wp-image-6284 size-full\" title=\"Vite allevata con il sistema Maggiorina di Boca\" src=\"https:\/\/www.trovino.it\/blog\/wp-content\/uploads\/2021\/07\/Vigneto-in-allevamento-Maggiorina-di-Boca.jpeg\" alt=\"Vite allevata con il sistema Maggiorina di Boca\" width=\"800\" height=\"533\" srcset=\"https:\/\/www.trovino.it\/blog\/wp-content\/uploads\/2021\/07\/Vigneto-in-allevamento-Maggiorina-di-Boca.jpeg 800w, https:\/\/www.trovino.it\/blog\/wp-content\/uploads\/2021\/07\/Vigneto-in-allevamento-Maggiorina-di-Boca-300x200.jpeg 300w, https:\/\/www.trovino.it\/blog\/wp-content\/uploads\/2021\/07\/Vigneto-in-allevamento-Maggiorina-di-Boca-768x512.jpeg 768w, https:\/\/www.trovino.it\/blog\/wp-content\/uploads\/2021\/07\/Vigneto-in-allevamento-Maggiorina-di-Boca-273x182.jpeg 273w, https:\/\/www.trovino.it\/blog\/wp-content\/uploads\/2021\/07\/Vigneto-in-allevamento-Maggiorina-di-Boca-566x377.jpeg 566w, https:\/\/www.trovino.it\/blog\/wp-content\/uploads\/2021\/07\/Vigneto-in-allevamento-Maggiorina-di-Boca-780x520.jpeg 780w\" sizes=\"(max-width: 800px) 100vw, 800px\" \/><p id=\"caption-attachment-6284\" class=\"wp-caption-text\">Vite allevata con il sistema Maggiorina di Boca<\/p><\/div>\n<p>Il sistema di coltivazione attuato in vigna \u00e8 quello della <strong>lotta integrata<\/strong>, che come sapete prevede una riduzione dei mezzi chimici, ricorrendoci solo qualora sia necessario. Il tutto al fine di assicurare un <strong>minor impatto ambientale<\/strong>.<\/p>\n<p>Alla mia scontata domanda sul biologico: \u00abal momento attuale non abbiamo ancora i mezzi sufficienti (macchinari e personale qualificato) per un trattamento biologico.\u00bb Chiss\u00e0 in futuro.<\/p>\n<h2>La visita in cantina e i vini di Davide Carlone<\/h2>\n<p>Finita la visita tra i vigneti, ci spostiamo in cantina. Dapprima ci rechiamo nell\u2019ex stalla del nonno, ristrutturata e ora adibita allo stoccaggio e alla fermentazione del vino in acciaio.<\/p>\n<p>Ed \u00e8 qui che inizia la degustazione, <strong>direttamente dai serbatoi in acciaio<\/strong>. Come prima scelta partiamo con l\u2019anteprima del suo <strong>Erbaluce<\/strong>. Il primo bianco dell\u2019azienda, ma non ancora in commercio.<\/p>\n<div id=\"attachment_6289\" style=\"width: 810px\" class=\"wp-caption alignnone\"><img aria-describedby=\"caption-attachment-6289\" loading=\"lazy\" class=\"wp-image-6289 size-full\" title=\"Vasche di Acciaio - Cantina Davide Carlone\" src=\"https:\/\/www.trovino.it\/blog\/wp-content\/uploads\/2021\/07\/Vasche-di-Acciaio-Davide-Carlone.jpeg\" alt=\"Vasche di Acciaio - Cantina Davide Carlone\" width=\"800\" height=\"533\" srcset=\"https:\/\/www.trovino.it\/blog\/wp-content\/uploads\/2021\/07\/Vasche-di-Acciaio-Davide-Carlone.jpeg 800w, https:\/\/www.trovino.it\/blog\/wp-content\/uploads\/2021\/07\/Vasche-di-Acciaio-Davide-Carlone-300x200.jpeg 300w, https:\/\/www.trovino.it\/blog\/wp-content\/uploads\/2021\/07\/Vasche-di-Acciaio-Davide-Carlone-768x512.jpeg 768w, https:\/\/www.trovino.it\/blog\/wp-content\/uploads\/2021\/07\/Vasche-di-Acciaio-Davide-Carlone-273x182.jpeg 273w, https:\/\/www.trovino.it\/blog\/wp-content\/uploads\/2021\/07\/Vasche-di-Acciaio-Davide-Carlone-566x377.jpeg 566w, https:\/\/www.trovino.it\/blog\/wp-content\/uploads\/2021\/07\/Vasche-di-Acciaio-Davide-Carlone-780x520.jpeg 780w\" sizes=\"(max-width: 800px) 100vw, 800px\" \/><p id=\"caption-attachment-6289\" class=\"wp-caption-text\">Vasche di Acciaio &#8211; Cantina Davide Carlone<\/p><\/div>\n<h3>Colline Novaresi Doc Erbaluce 2020<\/h3>\n<p>Macerato a freddo per 4 giorni, fermentazione, e poi niente malolattica per mantenere i profumi primari del vitigno. Fresco e sapido, dal chiaro retrogusto amarognolo, si dimostra da subito affidabile. E grande novit\u00e0, Davide mi svela che la prossima stagione ne produrr\u00e0 uno in versione <strong>orange<\/strong>,<strong> macerato sulle bucce<\/strong>.<\/p>\n<h3>Colline Novaresi Doc Croatina 2020<\/h3>\n<p>Dopo di che passiamo ai rossi, e l\u2019assaggio vira verso l\u2019annata 2020 della <strong>Croatina<\/strong>. Malolattica e affinamento in acciaio per 18 mesi, un vino dal tannino squillante, ancora da arrotondare. Si abbiner\u00e0 bene con un bollito alla piemontese.<\/p>\n<h3>Colline Novaresi Doc Vespolina 2020<\/h3>\n<p>Rosso rubino, un naso intenso e vivace, in cui spicca la ciliegia e quel immancabile nota speziata di pepe nero. 12 mesi in acciaio.<\/p>\n<p>Infine, terminiamo il nostro incontro nella sala botti, in cui sono presenti ovviamente i <strong>Boca<\/strong>, i vini di punta dell\u2019azienda. E come per quelli in acciaio, anche qui ho la possibilit\u00e0 di assaggiare i futuri vini direttamente dalla botte.<\/p>\n<div id=\"attachment_6288\" style=\"width: 810px\" class=\"wp-caption alignnone\"><img aria-describedby=\"caption-attachment-6288\" loading=\"lazy\" class=\"wp-image-6288 size-full\" title=\"Botti in legno con all\u2019interno Boca 2019, Boca 2020, Boca Adele 2019\" src=\"https:\/\/www.trovino.it\/blog\/wp-content\/uploads\/2021\/07\/Botti-di-Rovere-in-Cantina.jpeg\" alt=\"Botti in legno con all\u2019interno Boca 2019, Boca 2020, Boca Adele 2019\" width=\"800\" height=\"533\" srcset=\"https:\/\/www.trovino.it\/blog\/wp-content\/uploads\/2021\/07\/Botti-di-Rovere-in-Cantina.jpeg 800w, https:\/\/www.trovino.it\/blog\/wp-content\/uploads\/2021\/07\/Botti-di-Rovere-in-Cantina-300x200.jpeg 300w, https:\/\/www.trovino.it\/blog\/wp-content\/uploads\/2021\/07\/Botti-di-Rovere-in-Cantina-768x512.jpeg 768w, https:\/\/www.trovino.it\/blog\/wp-content\/uploads\/2021\/07\/Botti-di-Rovere-in-Cantina-273x182.jpeg 273w, https:\/\/www.trovino.it\/blog\/wp-content\/uploads\/2021\/07\/Botti-di-Rovere-in-Cantina-566x377.jpeg 566w, https:\/\/www.trovino.it\/blog\/wp-content\/uploads\/2021\/07\/Botti-di-Rovere-in-Cantina-780x520.jpeg 780w\" sizes=\"(max-width: 800px) 100vw, 800px\" \/><p id=\"caption-attachment-6288\" class=\"wp-caption-text\">Botti in legno con all\u2019interno Boca 2019, Boca 2020, Boca Adele 2019<\/p><\/div>\n<h3>Boca Doc 2019<\/h3>\n<p>Composto all\u2019<strong>85% da Nebbiolo<\/strong> e <strong>15% da Vespolina<\/strong>. Rimane in botte per almeno 18 mesi, per poi riposare in bottiglia per 3 o 4 mesi. Sar\u00e0 un gran vino.<\/p>\n<p>Alla domanda sibillina di Davide: \u00abcome ti pare? Perch\u00e9 il 2019 sar\u00e0 buono ma il <strong>Boca 2017<\/strong> mi sa che non si batter\u00e0. Eh\u2026 una combinazione perfetta, ogni tassello a suo posto. Pensa che in vendemmia non abbiamo trovato un acino marcio. Magari tra 20 anni capiter\u00e0 un\u2019altra annata cos\u00ec, ma da batterlo credo di no\u00bb spiega con nostalgia.<\/p>\n<h3>Boca Adele Doc 2019<\/h3>\n<p>Stessa annata, stessa vigna, cloni diversi. Una pratica quella dei <strong>cloni<\/strong>, in cui i migliori sono destinati alla produzione del <strong>Boca<\/strong>, mentre gli altri per le <strong>Colline Novaresi<\/strong>.<\/p>\n<p>Una diversit\u00e0 che gi\u00e0 si intravede attraverso una maggiore struttura al palato. Un vino il cui nome \u00e8 un omaggio alla nonna e alla nipotina nata nel 2016, annata del primo <strong>Boca Adele<\/strong>.<\/p>\n<p><strong>Azienda Vitivinicola Davide Carlone<\/strong><br \/>\nVia Monsignor Sagliaschi, 8<br \/>\n28075 Localit\u00e0 Torchio Grignasco (NO), Italy<br \/>\nTelefono: +39 329 0987672<br \/>\nemail: info@davidecarlone.com<br \/>\n<a href=\"http:\/\/www.davidecarlone.com\/\" target=\"_blank\" rel=\"noopener\">Sito Web<\/a><\/p>\n<h4>Vuoi restare in Alto Piemonte? Allora non devi perderti questi articoli:<\/h4>\n<ul>\n<li><a href=\"https:\/\/www.trovino.it\/blog\/vitigni\/vitigno-erbaluce-e-canavese\/\" target=\"_blank\" rel=\"noopener\">ll Canavese e il vitigno Erbaluce<\/a><\/li>\n<li><a href=\"https:\/\/www.trovino.it\/blog\/cantine\/edoardo-patrone-prunent-val-d-ossola\/\" target=\"_blank\" rel=\"noopener\">Edoardo Patrone, il territorio e il Prunent della Val D\u2019Ossola<\/a><\/li>\n<li><a href=\"https:\/\/www.trovino.it\/blog\/cantine\/antico-borgo-dei-cavalli-boca-vitigni-autoctoni-alto-piemonte\/\" target=\"_blank\" rel=\"noopener\">Antico Borgo dei Cavalli, il Boca e i Vitigni autoctoni dell\u2019Alto Piemonte<\/a><\/li>\n<li><a href=\"https:\/\/www.trovino.it\/blog\/assaggi\/ricetto-vespolina-tiziano-mazzoni\/\" target=\"_blank\" rel=\"noopener\">Ricetto o Recetto? Scopriamo la Vespolina di Tiziano Mazzoni<\/a><\/li>\n<li><a href=\"https:\/\/www.trovino.it\/blog\/assaggi\/bramaterra-carlo-colombera-nebbiolo-per-sempre\/\" target=\"_blank\" rel=\"noopener\">Il Bramaterra di Carlo Colombera: un Nebbiolo per sempre<\/a><\/li>\n<li><a href=\"https:\/\/www.trovino.it\/blog\/assaggi\/tenute-sella-bramaterra-di-grande-classe\/\" target=\"_blank\" rel=\"noopener\">Tenute Sella, un Bramaterra di grande classe a Lessona<\/a><\/li>\n<\/ul>\n","protected":false},"excerpt":{"rendered":"<p>Dopo alcuni giorni di contatti telefonici per organizzare al meglio il nostro incontro, in un assolato tardo pomeriggio di fine giugno riesco ad incontrare Davide Carlone, viticoltore piemontese con base a Torchio, frazione di Grignasco (Novara). Per chi non lo sapesse, ci troviamo nella zona del parco naturale del Monte Fenera, area dell\u2019Alto Piemonte, una [&hellip;]<\/p>\n","protected":false},"author":158,"featured_media":6281,"comment_status":"open","ping_status":"closed","sticky":false,"template":"","format":"standard","meta":[],"categories":[8],"tags":[],"_links":{"self":[{"href":"https:\/\/www.trovino.it\/blog\/wp-json\/wp\/v2\/posts\/6273"}],"collection":[{"href":"https:\/\/www.trovino.it\/blog\/wp-json\/wp\/v2\/posts"}],"about":[{"href":"https:\/\/www.trovino.it\/blog\/wp-json\/wp\/v2\/types\/post"}],"author":[{"embeddable":true,"href":"https:\/\/www.trovino.it\/blog\/wp-json\/wp\/v2\/users\/158"}],"replies":[{"embeddable":true,"href":"https:\/\/www.trovino.it\/blog\/wp-json\/wp\/v2\/comments?post=6273"}],"version-history":[{"count":21,"href":"https:\/\/www.trovino.it\/blog\/wp-json\/wp\/v2\/posts\/6273\/revisions"}],"predecessor-version":[{"id":6304,"href":"https:\/\/www.trovino.it\/blog\/wp-json\/wp\/v2\/posts\/6273\/revisions\/6304"}],"wp:featuredmedia":[{"embeddable":true,"href":"https:\/\/www.trovino.it\/blog\/wp-json\/wp\/v2\/media\/6281"}],"wp:attachment":[{"href":"https:\/\/www.trovino.it\/blog\/wp-json\/wp\/v2\/media?parent=6273"}],"wp:term":[{"taxonomy":"category","embeddable":true,"href":"https:\/\/www.trovino.it\/blog\/wp-json\/wp\/v2\/categories?post=6273"},{"taxonomy":"post_tag","embeddable":true,"href":"https:\/\/www.trovino.it\/blog\/wp-json\/wp\/v2\/tags?post=6273"}],"curies":[{"name":"wp","href":"https:\/\/api.w.org\/{rel}","templated":true}]}}