{"id":6180,"date":"2021-06-18T11:20:00","date_gmt":"2021-06-18T09:20:00","guid":{"rendered":"https:\/\/www.trovino.it\/blog\/?p=6180"},"modified":"2021-06-18T11:22:15","modified_gmt":"2021-06-18T09:22:15","slug":"albarino","status":"publish","type":"post","link":"https:\/\/www.trovino.it\/blog\/vitigni\/albarino\/","title":{"rendered":"Il vitigno Albari\u00f1o, la Galizia e le Rias Baixas"},"content":{"rendered":"<p>Nell\u2019estremo lembo nord occidentale della <strong>Spagna<\/strong>, bagnata dall\u2019oceano Atlantico, ai confini meridionali con il Portogallo si estende la regione autonoma della <strong>Galizia, <\/strong>la terra che d\u00e0 i natali al vitigno <strong>Albari\u00f1o<\/strong>.<\/p>\n<p>Il <strong>vino spagnolo<\/strong> meno spagnolo che ci sia, come alcuni tendono a chiamarlo. Fresco ma complesso senza perdere la sua eleganza. Di pronta beva, ma non disdice l\u2019invecchiamento in botte. Un <strong>bianco unico<\/strong>, in una nazione nota per lo pi\u00f9 per i vini rossi.<\/p>\n<p>Forse nient\u2019altro che il riflesso della sua terra natia, con le sue contraddizioni e dissonanze con il resto della penisola spagnola. Differenze vistose, tali da mettere in dubbio e sbriciolare i classici stereotipi riguardo la terra iberica.<\/p>\n<p>Anzich\u00e9 spiagge dorate, maracas e corride, i punti di riferimento della \u201c<strong>Green Spain<\/strong>\u201d sono quelle lunghe distese di prati verdi bagnati da piogge piuttosto frequenti, temperature moderate, impervi promontori, un idioma locale, il <strong>gallego<\/strong>, variante del portoghese; e poi quel substrato intriso di <strong>cultura celtica<\/strong> memore delle antiche invasioni, che ancora oggi pervade in feste e sagre paesane.<\/p>\n<p>Una regione la cui citt\u00e0 simbolo \u00e8 niente meno che<strong> Santiago di Compostela<\/strong>, meta conclusiva del fatidico cammino religioso, il percorso a piedi pi\u00f9 famoso al mondo.<\/p>\n<div id=\"attachment_6187\" style=\"width: 810px\" class=\"wp-caption alignnone\"><img aria-describedby=\"caption-attachment-6187\" loading=\"lazy\" class=\"wp-image-6187 size-full\" title=\"Cattedrale Santiago de Compostela\" src=\"https:\/\/www.trovino.it\/blog\/wp-content\/uploads\/2021\/06\/Cattedrale-Santiago-de-Compostela.jpg\" alt=\"Cattedrale Santiago de Compostela\" width=\"800\" height=\"533\" srcset=\"https:\/\/www.trovino.it\/blog\/wp-content\/uploads\/2021\/06\/Cattedrale-Santiago-de-Compostela.jpg 800w, https:\/\/www.trovino.it\/blog\/wp-content\/uploads\/2021\/06\/Cattedrale-Santiago-de-Compostela-300x200.jpg 300w, https:\/\/www.trovino.it\/blog\/wp-content\/uploads\/2021\/06\/Cattedrale-Santiago-de-Compostela-768x512.jpg 768w, https:\/\/www.trovino.it\/blog\/wp-content\/uploads\/2021\/06\/Cattedrale-Santiago-de-Compostela-273x182.jpg 273w, https:\/\/www.trovino.it\/blog\/wp-content\/uploads\/2021\/06\/Cattedrale-Santiago-de-Compostela-566x377.jpg 566w, https:\/\/www.trovino.it\/blog\/wp-content\/uploads\/2021\/06\/Cattedrale-Santiago-de-Compostela-780x520.jpg 780w\" sizes=\"(max-width: 800px) 100vw, 800px\" \/><p id=\"caption-attachment-6187\" class=\"wp-caption-text\">Cattedrale Santiago de Compostela<\/p><\/div>\n<h2>Dai Romani ai giorni nostri<\/h2>\n<p>Come la storia insegna, si ritiene che i primi a introdurre la <strong>viticoltura<\/strong> nella regione spagnola siano stati i <strong>romani<\/strong>, anche se processi di <strong>vinificazione<\/strong> pi\u00f9 avanzati furono importati dai <strong>monaci cistercensi<\/strong> nel XII secolo.<\/p>\n<p>Con la scoperta dell\u2019America e l\u2019avvento delle rotte commerciali, la <strong>produzione vinicola<\/strong> galiziana sub\u00ec una <strong>forte impennata<\/strong>, continuando costantemente a crescere secolo dopo secolo.<\/p>\n<p>Superato l\u2019ostacolo fillossera, durante la seconda met\u00e0 del XX secolo, il vitigno <strong>Albari\u00f1o <\/strong>riusc\u00ec a imporsi, emergendo come la punta di diamante della regione.<\/p>\n<p>Nonostante la produzione di vino nelle <strong>Rias Baixas<\/strong> risalga a migliaia di anni fa, difatti \u00e8 soltanto negli ultimi decenni che la regione ha iniziato a fare sul serio, dando vita a una produzione di <strong>Albari\u00f1o<\/strong> di <strong>alta qualit\u00e0<\/strong>.<\/p>\n<p>E i numeri lo confermano: dalla met\u00e0 degli anni 80, gli <strong>ettari vitati<\/strong> sono passati <strong>da neanche 250 a quasi 10.000<\/strong>, mentre il numero di <strong>case vinicole<\/strong> \u00e8 quintuplicato.<\/p>\n<p>Sotto il profilo legislativo, nel 1980, il primo importante step port\u00f2 alla creazione di una denominazione ufficiale per il vitigno di casa, <strong>la Denominaci\u00f3n Espec\u00edfica Albari\u00f1o<\/strong>. Legge che pochi anni pi\u00f9 tardi fu tramutata in <strong>Denominaci\u00f3n de Origen (DO) R\u00edas Baixas.<\/strong><\/p>\n<div id=\"attachment_6188\" style=\"width: 810px\" class=\"wp-caption alignnone\"><img aria-describedby=\"caption-attachment-6188\" loading=\"lazy\" class=\"wp-image-6188 size-full\" title=\"Vigneti in Galizia\" src=\"https:\/\/www.trovino.it\/blog\/wp-content\/uploads\/2021\/06\/Vigneti-in-Galizia-Spagna.jpg\" alt=\"Vigneti in Galizia\" width=\"800\" height=\"533\" srcset=\"https:\/\/www.trovino.it\/blog\/wp-content\/uploads\/2021\/06\/Vigneti-in-Galizia-Spagna.jpg 800w, https:\/\/www.trovino.it\/blog\/wp-content\/uploads\/2021\/06\/Vigneti-in-Galizia-Spagna-300x200.jpg 300w, https:\/\/www.trovino.it\/blog\/wp-content\/uploads\/2021\/06\/Vigneti-in-Galizia-Spagna-768x512.jpg 768w, https:\/\/www.trovino.it\/blog\/wp-content\/uploads\/2021\/06\/Vigneti-in-Galizia-Spagna-273x182.jpg 273w, https:\/\/www.trovino.it\/blog\/wp-content\/uploads\/2021\/06\/Vigneti-in-Galizia-Spagna-566x377.jpg 566w, https:\/\/www.trovino.it\/blog\/wp-content\/uploads\/2021\/06\/Vigneti-in-Galizia-Spagna-780x520.jpg 780w\" sizes=\"(max-width: 800px) 100vw, 800px\" \/><p id=\"caption-attachment-6188\" class=\"wp-caption-text\">Vigneti in Galizia<\/p><\/div>\n<h2>Rias Baixas<\/h2>\n<p>Lungo la costa si trovano le <strong>Rias Baixas<\/strong>, lingue di terra sede di villaggi di pescatori e appunto del vitigno simbolo dell\u2019avamposto galiziano: l\u2019<strong>Albari\u00f1o<\/strong>.<\/p>\n<p>Un\u2019uva che in questa zona, nonostante sia permessa la coltivazione di dodici variet\u00e0, rappresenta circa il <strong>96% delle piantagioni totali<\/strong>.<\/p>\n<p>La denominazione si suddivide in <strong>cinque sottozone<\/strong>, a partire da nord, nei pressi di Santiago di Compostela fino ai confini portoghesi a sud, per un totale di <strong>3600 ettari vitati<\/strong>. Vediamole insieme:<\/p>\n<ul>\n<li><strong>Ribeira do Ulla<\/strong> \u2013 La pi\u00f9 vasta sottozona della <strong>DO Rias Baixas<\/strong>, come allo stesso tempo l\u2019ultima, nel 2000, a essere incorporata all\u2019interno della denominazione. Situata alle porte di <strong>Santiago di Compostela<\/strong>, si produce circa il 10% di <strong>Albari\u00f1o<\/strong> totale.<\/li>\n<li><strong style=\"font-size: inherit;\">Val do Saln\u00e9s<\/strong><span style=\"font-size: inherit;\"> \u2013 La sottozona pi\u00f9 antica e storica della denominazione, <strong>Salnes<\/strong> vanta la pi\u00f9 grande concentrazione di cantine e vigneti targati <\/span><strong style=\"font-size: inherit;\">Albari\u00f1o<\/strong><span style=\"font-size: inherit;\">. La combinazione favorevole di esposizioni e influenze oceaniche garantisce ai vini una notevole qualit\u00e0.<\/span><\/li>\n<li><strong style=\"font-size: inherit;\">Soutomaior<\/strong><span style=\"font-size: inherit;\"> \u2013 La sottozona pi\u00f9 piccola; \u00e8 stata inglobata nella denominazione a fine anni 90. Da terreni sabbiosi sopra un letto di roccia granitica, nascono vini eleganti di beva appagante.<\/span><\/li>\n<li><strong style=\"font-size: inherit;\">Condado do Tea<\/strong><span style=\"font-size: inherit;\"> \u2013 Situata a sud, ai <strong>confini con il Portogallo<\/strong>, \u00e8 caratterizzata da terreni composti da granito e ardesia. Poich\u00e9 si trova nell\u2019entroterra, i vigneti godono di un clima pi\u00f9 caldo e secco rispetto alle controparti costiere.<\/span><\/li>\n<li><strong style=\"font-size: inherit;\">O Rosal<\/strong><span style=\"font-size: inherit;\"> \u2013 Rinomata zona di pescatori, i suoli granitici sopra i quali si propagano i vigneti e le fresche brezze marine del vicino Atlantico conferiscono ai vini una chiara impronta minerale e una croccante acidit\u00e0.<\/span><\/li>\n<\/ul>\n<div id=\"attachment_6190\" style=\"width: 810px\" class=\"wp-caption alignnone\"><img aria-describedby=\"caption-attachment-6190\" loading=\"lazy\" class=\"wp-image-6190 size-full\" title=\"Vigneti in Spagna nord-occidentale. Rias Baixas DO vini\" src=\"https:\/\/www.trovino.it\/blog\/wp-content\/uploads\/2021\/06\/Vigneti-in-Spagna-nord-occidentale.-Rias-Baixas-DO-vini.jpg\" alt=\"Vigneti di Uva Albari\u00f1o in Spagna nord-occidentale. Rias Baixas DO vini\" width=\"800\" height=\"533\" srcset=\"https:\/\/www.trovino.it\/blog\/wp-content\/uploads\/2021\/06\/Vigneti-in-Spagna-nord-occidentale.-Rias-Baixas-DO-vini.jpg 800w, https:\/\/www.trovino.it\/blog\/wp-content\/uploads\/2021\/06\/Vigneti-in-Spagna-nord-occidentale.-Rias-Baixas-DO-vini-300x200.jpg 300w, https:\/\/www.trovino.it\/blog\/wp-content\/uploads\/2021\/06\/Vigneti-in-Spagna-nord-occidentale.-Rias-Baixas-DO-vini-768x512.jpg 768w, https:\/\/www.trovino.it\/blog\/wp-content\/uploads\/2021\/06\/Vigneti-in-Spagna-nord-occidentale.-Rias-Baixas-DO-vini-273x182.jpg 273w, https:\/\/www.trovino.it\/blog\/wp-content\/uploads\/2021\/06\/Vigneti-in-Spagna-nord-occidentale.-Rias-Baixas-DO-vini-566x377.jpg 566w, https:\/\/www.trovino.it\/blog\/wp-content\/uploads\/2021\/06\/Vigneti-in-Spagna-nord-occidentale.-Rias-Baixas-DO-vini-780x520.jpg 780w\" sizes=\"(max-width: 800px) 100vw, 800px\" \/><p id=\"caption-attachment-6190\" class=\"wp-caption-text\">Vigneti in Spagna nord-occidentale. Rias Baixas DO vini<\/p><\/div>\n<p>Tutte cinque le zone condividono lo <strong>stesso tipo di sottosuolo<\/strong>, a base di granito, e un <strong>clima marittimo fresco e umido<\/strong>, conseguenza del vicino oceano Atlantico.<\/p>\n<p>Non mancano le differenze in terroir e microclimi oltre che di tecniche di vinificazione, le quali portano a una diversit\u00e0 dei prodotti finali.<\/p>\n<h2>Le caratteristiche dell\u2019Albari\u00f1o<\/h2>\n<p>Caratterizzato da un <strong>acino piccolo e da buccia spessa<\/strong>, peculiarit\u00e0 che gli permette di resistere all\u2019umidit\u00e0 galiziana, le viti sono solitamente allevate su un sistema di pergole ancorato al terreno da strutture in pietra.<\/p>\n<p>Alti tralicci che consentono la circolazione dell\u2019aria e la prevenzione contro la muffa. Oggi, molti dei nuovi impianti stanno sostituendo il sistema locale a favore di uno a doppio cordone chiamato <strong>espaldera<\/strong>. Le rese sono generalmente basse, mentre la <strong>fermentazione in botte<\/strong> \u00e8 talvolta utilizzata per conferire maggiore struttura al vino.<\/p>\n<p>Al calice, l\u2019<strong>Albari\u00f1o<\/strong> si mostra di colore giallo paglierino pallido. Il profilo olfattivo che si delinea offre note di frutta gialla con albicocca, pesca, talvolta lime, pompelmo, sentori di mandorla. Una variet\u00e0 che presenta una <strong>spiccata acidit\u00e0<\/strong>, e le immancabili sensazioni salmastre di iodio. Generalmente di corpo leggero, la maggior parte degli Albari\u00f1o viene <strong>bevuta giovane<\/strong>, anche se stiamo parlando di vini che possiedono un <strong>notevole potenziale di invecchiamento<\/strong>.<\/p>\n<p>Un vino che si sposa alla perfezione con i piatti della tradizione galiziana, uno su tutti il <strong>polpo alla gallega<\/strong>: un connubio perfetto di sapori.<\/p>\n<div id=\"attachment_6189\" style=\"width: 810px\" class=\"wp-caption alignnone\"><img aria-describedby=\"caption-attachment-6189\" loading=\"lazy\" class=\"wp-image-6189 size-full\" title=\"Uva Albari\u00f1o in un vigneto - Rias Baixas DO vini\" src=\"https:\/\/www.trovino.it\/blog\/wp-content\/uploads\/2021\/06\/Uva-in-un-vigneto-nel-nord-ovest-della-Spagna.-Rias-Baixas-DO-vini.jpg\" alt=\"Uva Albari\u00f1o in un vigneto - Rias Baixas DO vini\" width=\"800\" height=\"533\" srcset=\"https:\/\/www.trovino.it\/blog\/wp-content\/uploads\/2021\/06\/Uva-in-un-vigneto-nel-nord-ovest-della-Spagna.-Rias-Baixas-DO-vini.jpg 800w, https:\/\/www.trovino.it\/blog\/wp-content\/uploads\/2021\/06\/Uva-in-un-vigneto-nel-nord-ovest-della-Spagna.-Rias-Baixas-DO-vini-300x200.jpg 300w, https:\/\/www.trovino.it\/blog\/wp-content\/uploads\/2021\/06\/Uva-in-un-vigneto-nel-nord-ovest-della-Spagna.-Rias-Baixas-DO-vini-768x512.jpg 768w, https:\/\/www.trovino.it\/blog\/wp-content\/uploads\/2021\/06\/Uva-in-un-vigneto-nel-nord-ovest-della-Spagna.-Rias-Baixas-DO-vini-273x182.jpg 273w, https:\/\/www.trovino.it\/blog\/wp-content\/uploads\/2021\/06\/Uva-in-un-vigneto-nel-nord-ovest-della-Spagna.-Rias-Baixas-DO-vini-566x377.jpg 566w, https:\/\/www.trovino.it\/blog\/wp-content\/uploads\/2021\/06\/Uva-in-un-vigneto-nel-nord-ovest-della-Spagna.-Rias-Baixas-DO-vini-780x520.jpg 780w\" sizes=\"(max-width: 800px) 100vw, 800px\" \/><p id=\"caption-attachment-6189\" class=\"wp-caption-text\">Uva Albari\u00f1o in un vigneto &#8211; Rias Baixas DO vini<\/p><\/div>\n<h2>Albari\u00f1o nel resto del mondo<\/h2>\n<p>Nel vicino Portogallo, nell\u2019area del <strong>Vinho Verde<\/strong>, dove \u00e8 chiamato <strong>Alvarinho<\/strong>. In terra portoghese, segna presenza per poco <strong>meno di 6000 ettari<\/strong>.<\/p>\n<p>Per trovare altri appezzamenti di rilievo bisogna spostarsi nel continente americano. In <strong>California<\/strong> e in misura ancora minore in <strong>Uruguay<\/strong>, <strong>Argentina<\/strong> e <strong>Cile<\/strong>.<\/p>\n<blockquote><p><strong><a href=\"https:\/\/www.trovino.it\/vini\/cerca\/albarino\" target=\"_blank\" rel=\"noopener\">Scopri le offerte e i Prezzi di Albarino<\/a><\/strong><\/p><\/blockquote>\n<h2>I nostri assaggi di Albari\u00f1o<\/h2>\n<h3>Albari\u00f1o Segrel Ambar \u2013 Pablo Pad\u00edn<\/h3>\n<p>Nel cuore della <strong>Val do Saln\u00e9s<\/strong>, la piccola azienda famigliare <strong>Pablo Pad\u00edn<\/strong> produce un Albari\u00f1o dalle marcate note floreali e fruttate. Ricordi di melone arricchiti da sensazioni agrumate ed erbacee, che precedono un epilogo dai toni minerali. All\u2019assaggio sfodera freschezza e sapidit\u00e0. Vinifica solo in acciaio.<\/p>\n<h3>La Fillaboa 1898 2010 \u2013 Bodegas Fillaboa<\/h3>\n<p>La tenuta, risalente al XVII secolo, \u00e8 una delle pi\u00f9 antiche della Galizia. Il vino \u201c<strong>La Fillaboa 1898<\/strong>, \u00e8 un omaggio al 1898, anno in cui i loro primi vini Albari\u00f1o attraversarono l\u2019oceano sbarcando nel continente americano.<\/p>\n<p>Affinato sui lieviti in acciaio per 6 anni, il bouquet al naso esalta la frutta matura, note di vaniglia e caramello. In bocca mantiene ancora la sua freschezza, in equilibrio con l\u2019alcol. Bella sapidit\u00e0 nel finale, lungo e persistente.<\/p>\n<h3>A20 Sobre Lias Albari\u00f1o &#8211; Castro Martin<\/h3>\n<p>La <strong>Bodegas Castro Martin<\/strong>, fondata nel 1981, \u00e8 l\u2019ennesima realt\u00e0 a conduzione famigliare che si dedica alla produzione di Albari\u00f1o nella <strong>Val do Saln\u00e9s<\/strong>.<\/p>\n<p>Il loro <strong>Sobre Lias<\/strong> esibisce tutte le classiche caratteristiche del vitigno: note di pesca e melone. Seguono percezioni di miele su uno sfondo leggermente iodato. Vispo e dinamico al palato, con la sua arcinota freschezza.<\/p>\n<h4>Curiosi di scoprire altri Vitigni Bianchi di cui abbiamo parlato?<\/h4>\n<ul>\n<li><a href=\"https:\/\/www.trovino.it\/blog\/vitigni\/vitigno-erbaluce-e-canavese\/\" target=\"_blank\" rel=\"noopener\">Il Canavese e il vitigno Erbaluce<\/a><\/li>\n<li><a href=\"http:\/\/Lo Chenin Blanc, il vitigno della Loira dalle mille sfumature\" target=\"_blank\" rel=\"noopener\" data-wplink-url-error=\"true\">Lo Chenin Blanc, il vitigno della Loira dalle mille sfumature<\/a><\/li>\n<li><a href=\"https:\/\/www.trovino.it\/blog\/vitigni\/riesling\/\" target=\"_blank\" rel=\"noopener\">Il Riesling, l\u2019uva pregiata che viene dal freddo<\/a><\/li>\n<\/ul>\n","protected":false},"excerpt":{"rendered":"<p>Nell\u2019estremo lembo nord occidentale della Spagna, bagnata dall\u2019oceano Atlantico, ai confini meridionali con il Portogallo si estende la regione autonoma della Galizia, la terra che d\u00e0 i natali al vitigno Albari\u00f1o. Il vino spagnolo meno spagnolo che ci sia, come alcuni tendono a chiamarlo. Fresco ma complesso senza perdere la sua eleganza. Di pronta beva, [&hellip;]<\/p>\n","protected":false},"author":158,"featured_media":6191,"comment_status":"open","ping_status":"closed","sticky":false,"template":"","format":"standard","meta":[],"categories":[212],"tags":[],"_links":{"self":[{"href":"https:\/\/www.trovino.it\/blog\/wp-json\/wp\/v2\/posts\/6180"}],"collection":[{"href":"https:\/\/www.trovino.it\/blog\/wp-json\/wp\/v2\/posts"}],"about":[{"href":"https:\/\/www.trovino.it\/blog\/wp-json\/wp\/v2\/types\/post"}],"author":[{"embeddable":true,"href":"https:\/\/www.trovino.it\/blog\/wp-json\/wp\/v2\/users\/158"}],"replies":[{"embeddable":true,"href":"https:\/\/www.trovino.it\/blog\/wp-json\/wp\/v2\/comments?post=6180"}],"version-history":[{"count":18,"href":"https:\/\/www.trovino.it\/blog\/wp-json\/wp\/v2\/posts\/6180\/revisions"}],"predecessor-version":[{"id":6209,"href":"https:\/\/www.trovino.it\/blog\/wp-json\/wp\/v2\/posts\/6180\/revisions\/6209"}],"wp:featuredmedia":[{"embeddable":true,"href":"https:\/\/www.trovino.it\/blog\/wp-json\/wp\/v2\/media\/6191"}],"wp:attachment":[{"href":"https:\/\/www.trovino.it\/blog\/wp-json\/wp\/v2\/media?parent=6180"}],"wp:term":[{"taxonomy":"category","embeddable":true,"href":"https:\/\/www.trovino.it\/blog\/wp-json\/wp\/v2\/categories?post=6180"},{"taxonomy":"post_tag","embeddable":true,"href":"https:\/\/www.trovino.it\/blog\/wp-json\/wp\/v2\/tags?post=6180"}],"curies":[{"name":"wp","href":"https:\/\/api.w.org\/{rel}","templated":true}]}}